{"id":254,"date":"2025-06-24T17:20:21","date_gmt":"2025-06-24T15:20:21","guid":{"rendered":"https:\/\/mniszek.org\/?p=254"},"modified":"2026-04-14T15:41:29","modified_gmt":"2026-04-14T13:41:29","slug":"stan-wolnosci","status":"publish","type":"post","link":"https:\/\/mniszek.org\/de\/stan-wolnosci\/","title":{"rendered":"Stan wolno\u015bci"},"content":{"rendered":"\n<figure class=\"wp-block-audio\"><audio controls src=\"https:\/\/mniszek.org\/wp-content\/uploads\/2025\/06\/stan_wolnosci.mp3\"><\/audio><\/figure>\n\n\n\n<figure class=\"wp-block-image size-large\"><img loading=\"lazy\" decoding=\"async\" width=\"1024\" height=\"736\" src=\"https:\/\/mniszek.org\/wp-content\/uploads\/2025\/06\/wolnosc-1024x736.png\" alt=\"wolnosc\" class=\"wp-image-264\" srcset=\"https:\/\/mniszek.org\/wp-content\/uploads\/2025\/06\/wolnosc-1024x736.png 1024w, https:\/\/mniszek.org\/wp-content\/uploads\/2025\/06\/wolnosc-300x216.png 300w, https:\/\/mniszek.org\/wp-content\/uploads\/2025\/06\/wolnosc-768x552.png 768w, https:\/\/mniszek.org\/wp-content\/uploads\/2025\/06\/wolnosc.png 1244w\" sizes=\"auto, (max-width: 1024px) 100vw, 1024px\" \/><figcaption class=\"wp-element-caption\">wolnosc<\/figcaption><\/figure>\n\n\n\n<p>Osob\u0119 i jej postrzegane \u015bwiata kszta\u0142tuj\u0105 mi\u0119dzy innymi jej relacje i \u017cyciowe do\u015bwiadczenia. Charakter, wychowanie i prze\u017cycia definiuj\u0105 nie tylko nasze zachowanie ale r\u00f3wnie\u017c nasz stan \u015bwiadomo\u015bci. Przyk\u0142adowo, \u015bwiat jest postrzegany inaczej kiedy jeste\u015bmy jeszcze dzie\u0107mi. Kto\u015b szcz\u0119\u015bliwy i pe\u0142en spokoju widzi i interpretuje inaczej ni\u017c kto\u015b zl\u0119kniony i pe\u0142en smutku. Stan \u015bwiadomo\u015bci i relacja z otoczeniem to tak zwana pogoda ducha. W moim \u017cyciu do\u015bwiadczy\u0142em r\u00f3\u017cnych stan\u00f3w \u015bwiadomo\u015bci &#8211; b\u0142ogiego szcz\u0119\u015bcia, ci\u0119\u017ckiej depresji, a tak\u017ce medytacyjnego transu. Sam fakt, \u017ce takie stany mo\u017cna zdefiniowa\u0107 i rozr\u00f3\u017cnia\u0107 jest ju\u017c pewnego rodzaju cennym odkryciem.<\/p>\n\n\n\n<h3 class=\"wp-block-heading\">O przebudzeniu:<\/h3>\n\n\n\n<p><br>Przewa\u017cnie, przebudzenie nie jest tematem poruszanym w mediach b\u0105d\u017a w codziennych rozmowach. Wiele dyskutuje si\u0119 o polityce b\u0105d\u017a religii ale czy kiedykolwiek kto\u015b powiedzia\u0142 Ci, \u017ce cz\u0142owiek mo\u017ce osi\u0105gn\u0105\u0107 stan, w kt\u00f3rym wychodzi poza ego i zwi\u0105zane z nim cierpienie?<br><br>W istocie nie jeste\u015b ani cia\u0142em ani osob\u0105, kt\u00f3r\u0105 definiujesz siebie.<\/p>\n\n\n\n<blockquote class=\"wp-block-quote is-layout-flow wp-block-quote-is-layout-flow\">\n<p class=\"has-text-align-center\">Gdy spojrzysz g\u0142\u0119boko do wewn\u0105trz odkryjesz, \u017ce jeste\u015b czyst\u0105 \u015bwiadomo\u015bci\u0105, iskr\u0105 kreacji, kt\u00f3ra do\u015bwiadcza teatru \u017cycia.<\/p>\n<\/blockquote>\n\n\n\n<p>Ka\u017cda osoba ma mo\u017cliwo\u015b\u0107, aby powr\u00f3ci\u0107 do swojej prawdziwej natury \u2013 osi\u0105gn\u0105\u0107 kolejny krok w ewolucji cz\u0142owieka. Na przestrzeni dziej\u00f3w wiele os\u00f3b do\u015bwiadcza\u0142o cudu posiadania g\u0142\u0119bokiej m\u0105dro\u015bci. <\/p>\n\n\n\n<p>Czy fizycznie i mentalnie co\u015b odr\u00f3\u017cnia nas od Jezusa b\u0105d\u017a Buddy? <br>Czy my tak\u017ce mo\u017cemy do\u015bwiadczy\u0107 przebudzenia? <br><br>Jako istoty ludzkie mamy podobny potencja\u0142 aby zmienia\u0107 \u015bwiat na lepsze i by\u0107 kim\u015b wielkim. Moim zdaniem jest to osi\u0105galne tak\u017ce dla Ciebie, jednak niesie to ze sob\u0105 tak\u017ce pewne wyrzeczenia, na kt\u00f3re nie ka\u017cdy jest got\u00f3w. W tym blogu chcia\u0142bym opisa\u0107 aspekty tego duchowego stanu, jego zalety i wady oraz to co trzeba zrobi\u0107 aby by\u0107 cz\u0142owiekiem m\u0105drzejszym.<\/p>\n\n\n\n<p>Nie opisuj\u0119 tu \u017cadnej wiedzy tajemnej. Co ciekawe, je\u015bli si\u0119gniemy do literatury, mo\u017cemy wiele znale\u017a\u0107 na temat przebudzenia. Wystarczy si\u0119 zainteresowa\u0107 i zainspirowa\u0107 odpowiednimi naukami oraz kierowa\u0107 wskaz\u00f3wkami aby dobrze zinterpretowa\u0107 m\u0119drc\u00f3w tego \u015bwiata. Poniewa\u017c chcia\u0142bym zach\u0119ci\u0107 Ci\u0119 do dalszego odkrywania, oto kr\u00f3tki opis stanu, kt\u00f3rego do\u015bwiadczam nie tylko ja i kt\u00f3rego ty tak\u017ce mo\u017cesz do\u015bwiadczy\u0107, poniewa\u017c tak na prawd\u0119 niewiele nas r\u00f3\u017cni.<\/p>\n\n\n\n<hr class=\"wp-block-separator has-alpha-channel-opacity\"\/>\n\n\n\n<h3 class=\"wp-block-heading\">Czym dla mnie jest przebudzenie ?<\/h3>\n\n\n\n<p class=\"has-text-align-left\"><br>\u2022 To \u017cycie w g\u0142\u0119bokiej prawdzie, m\u0105dro\u015bci i mi\u0142o\u015bci.<br>\u2022 To zdrowa relacja ze \u015bwiatem oraz akceptacja wydarze\u0144 wok\u00f3\u0142 nas.<br>\u2022 To naturalne postrzeganie, bycie \u015bwiadkiem tego co manifestuje si\u0119 w naszej przestrzeni.<br>\u2022 To wyj\u015bcie poza ego, -co daje uczucie uwolnienia.<br>\u2022 To dyscyplina umys\u0142u, kt\u00f3ry staje si\u0119 wolny i kreatywny.<br>\u2022 To stan, w kt\u00f3rym nasza to\u017csamo\u015b\u0107 przestaje by\u0107 istotna.<br>\u2022 To odkrycie, \u017ce przesz\u0142o\u015b\u0107 i przysz\u0142o\u015b\u0107 s\u0105 jedynie koncepcjami, co pozwala trwa\u0107 w chwili obecnej. <br>\u2022 To zrozumienie, \u017ce prawdziwe \u201cja\u201d nie jest ani cia\u0142em ani objektem ani form\u0105, -co uwalnia od strachu.<br>\u2022 To stan mistyczny i wieczny, zawsze \u015bwie\u017cy i wolny od zb\u0119dnych my\u015bli.<\/p>\n\n\n\n<p>Po przebudzeniu \u017cycie toczy si\u0119 dalej, ale ma si\u0119 nad nim wi\u0119ksz\u0105 kontrol\u0119.<br>Wiele problem\u00f3w nie jest ju\u017c istotnych gdy pojawia si\u0119 g\u0142\u0119bokie zrozumienie.<br>Cz\u0142owiek przestaje by\u0107 niewolnikiem w\u0142asnych my\u015bli co odbija si\u0119 korzystnie na zdrowiu.<\/p>\n\n\n\n<hr class=\"wp-block-separator has-alpha-channel-opacity\"\/>\n\n\n\n<p><\/p>\n","protected":false},"excerpt":{"rendered":"<p>Osob\u0119 i jej postrzegane \u015bwiata kszta\u0142tuj\u0105 mi\u0119dzy innymi jej relacje i \u017cyciowe do\u015bwiadczenia. Charakter, wychowanie i prze\u017cycia definiuj\u0105 nie tylko nasze zachowanie ale r\u00f3wnie\u017c nasz stan \u015bwiadomo\u015bci. Przyk\u0142adowo, \u015bwiat jest postrzegany inaczej kiedy jeste\u015bmy jeszcze dzie\u0107mi. Kto\u015b szcz\u0119\u015bliwy i pe\u0142en spokoju widzi i interpretuje inaczej ni\u017c kto\u015b zl\u0119kniony i pe\u0142en smutku. Stan \u015bwiadomo\u015bci i relacja [&hellip;]<\/p>\n","protected":false},"author":1,"featured_media":0,"comment_status":"closed","ping_status":"closed","sticky":false,"template":"","format":"standard","meta":{"footnotes":""},"categories":[17],"tags":[],"class_list":["post-254","post","type-post","status-publish","format-standard","hentry","category-przebudzenie"],"_links":{"self":[{"href":"https:\/\/mniszek.org\/de\/wp-json\/wp\/v2\/posts\/254","targetHints":{"allow":["GET"]}}],"collection":[{"href":"https:\/\/mniszek.org\/de\/wp-json\/wp\/v2\/posts"}],"about":[{"href":"https:\/\/mniszek.org\/de\/wp-json\/wp\/v2\/types\/post"}],"author":[{"embeddable":true,"href":"https:\/\/mniszek.org\/de\/wp-json\/wp\/v2\/users\/1"}],"replies":[{"embeddable":true,"href":"https:\/\/mniszek.org\/de\/wp-json\/wp\/v2\/comments?post=254"}],"version-history":[{"count":15,"href":"https:\/\/mniszek.org\/de\/wp-json\/wp\/v2\/posts\/254\/revisions"}],"predecessor-version":[{"id":403,"href":"https:\/\/mniszek.org\/de\/wp-json\/wp\/v2\/posts\/254\/revisions\/403"}],"wp:attachment":[{"href":"https:\/\/mniszek.org\/de\/wp-json\/wp\/v2\/media?parent=254"}],"wp:term":[{"taxonomy":"category","embeddable":true,"href":"https:\/\/mniszek.org\/de\/wp-json\/wp\/v2\/categories?post=254"},{"taxonomy":"post_tag","embeddable":true,"href":"https:\/\/mniszek.org\/de\/wp-json\/wp\/v2\/tags?post=254"}],"curies":[{"name":"wp","href":"https:\/\/api.w.org\/{rel}","templated":true}]}}